{"id":117,"date":"2024-04-08T18:55:27","date_gmt":"2024-04-08T16:55:27","guid":{"rendered":"https:\/\/www.ecoutilles.be\/?p=117"},"modified":"2024-04-08T18:59:50","modified_gmt":"2024-04-08T16:59:50","slug":"deux-seances-dinformation-en-avril","status":"publish","type":"post","link":"https:\/\/www.ecoutilles.be\/index.php\/2024\/04\/08\/deux-seances-dinformation-en-avril\/","title":{"rendered":"Deux s\u00e9ances d'information en avril"},"content":{"rendered":"\n<figure class=\"wp-block-image size-full\"><img loading=\"lazy\" decoding=\"async\" width=\"543\" height=\"760\" src=\"https:\/\/www.ecoutilles.be\/wp-content\/uploads\/2024\/04\/2024-04-Ecoutilles-Seances-info-1.jpg\" alt=\"\" class=\"wp-image-119\" srcset=\"https:\/\/www.ecoutilles.be\/wp-content\/uploads\/2024\/04\/2024-04-Ecoutilles-Seances-info-1.jpg 543w, https:\/\/www.ecoutilles.be\/wp-content\/uploads\/2024\/04\/2024-04-Ecoutilles-Seances-info-1-214x300.jpg 214w\" sizes=\"auto, (max-width: 543px) 100vw, 543px\" \/><\/figure>\n\n\n\n<p><\/p>\n\n\n\n<p>Votre enfant est en IEF et recherche des compagnons de jeu avec lesquels cr\u00e9er des amiti\u00e9s durables dans le temps ?<\/p>\n\n\n\n<p>Vous recherchez un groupe d\u2019entraide et de mutualisation de ressources pour concilier IEF et activit\u00e9 professionnelle ?<\/p>\n\n\n\n<p>Votre jeune, scolaris\u00e9 ou pas, cherche un espace pour reprendre confiance en lui et r\u00e9aliser ses projets ?<\/p>\n\n\n\n<p>Vous avez envie de d\u00e9couvrir la gouvernance partag\u00e9e en la vivant au sein d\u2019un groupe ?<\/p>\n\n\n\n<p>Si, en plus <strong>vous partagez les valeurs de confiance en l\u2019enfant et l\u2019envie de vivre en groupe multi-\u00e2ges sur base de l\u2019\u00e9coute mutuelle<\/strong>, Les Ecoutilles sont peut-\u00eatre l\u00e0 pour que vous y preniez part ?<\/p>\n\n\n\n<p class=\"has-white-color has-text-color has-background has-link-color wp-elements-7942fbf0ae79757696d1c0c3d05f53a5\" style=\"background-color:#52a4a6\">Deux s\u00e9ances d'information sont programm\u00e9es en avril 2024 :<br><strong>Samedi 13<\/strong> avril de 13h \u00e0 15h<br><strong>Mercredi 24<\/strong> avril \u00e0 13h30 \u00e0 15h30<\/p>\n\n\n\n<p><strong>Pour participer<\/strong> \u00e0 la s\u00e9ance d\u2019information, <strong>c\u2019est par ici<\/strong> : <a href=\"https:\/\/forms.gle\/ScNm2n7Kx7XeR5vs5\">https:\/\/forms.gle\/ScNm2n7Kx7XeR5vs5<\/a><\/p>\n\n\n\n<p class=\"has-white-color has-text-color has-background has-link-color wp-elements-9584b92b6c4901c618800dfa6f4c9c4a\" style=\"background-color:#52a4a6\">Vivre une ou plusieurs <strong>journ\u00e9es d'immersion<\/strong> sera bient\u00f4t possible pour les familles ayant particip\u00e9 \u00e0 une s\u00e9ance d'information. Nous leur en communiquerons les dates.<\/p>\n","protected":false},"excerpt":{"rendered":"<p>Votre enfant est en IEF et recherche des compagnons de jeu avec lesquels cr\u00e9er des amiti\u00e9s durables dans le temps ? Vous recherchez un groupe d\u2019entraide et de mutualisation de ressources pour concilier IEF et activit\u00e9 professionnelle ? Votre jeune, scolaris\u00e9 ou pas, cherche un espace pour reprendre confiance en lui et r\u00e9aliser ses projets [&hellip;]<\/p>\n","protected":false},"author":1,"featured_media":119,"comment_status":"closed","ping_status":"closed","sticky":false,"template":"","format":"standard","meta":{"footnotes":""},"categories":[6],"tags":[],"class_list":["post-117","post","type-post","status-publish","format-standard","has-post-thumbnail","hentry","category-actualite"],"_links":{"self":[{"href":"https:\/\/www.ecoutilles.be\/index.php\/wp-json\/wp\/v2\/posts\/117","targetHints":{"allow":["GET"]}}],"collection":[{"href":"https:\/\/www.ecoutilles.be\/index.php\/wp-json\/wp\/v2\/posts"}],"about":[{"href":"https:\/\/www.ecoutilles.be\/index.php\/wp-json\/wp\/v2\/types\/post"}],"author":[{"embeddable":true,"href":"https:\/\/www.ecoutilles.be\/index.php\/wp-json\/wp\/v2\/users\/1"}],"replies":[{"embeddable":true,"href":"https:\/\/www.ecoutilles.be\/index.php\/wp-json\/wp\/v2\/comments?post=117"}],"version-history":[{"count":1,"href":"https:\/\/www.ecoutilles.be\/index.php\/wp-json\/wp\/v2\/posts\/117\/revisions"}],"predecessor-version":[{"id":120,"href":"https:\/\/www.ecoutilles.be\/index.php\/wp-json\/wp\/v2\/posts\/117\/revisions\/120"}],"wp:featuredmedia":[{"embeddable":true,"href":"https:\/\/www.ecoutilles.be\/index.php\/wp-json\/wp\/v2\/media\/119"}],"wp:attachment":[{"href":"https:\/\/www.ecoutilles.be\/index.php\/wp-json\/wp\/v2\/media?parent=117"}],"wp:term":[{"taxonomy":"category","embeddable":true,"href":"https:\/\/www.ecoutilles.be\/index.php\/wp-json\/wp\/v2\/categories?post=117"},{"taxonomy":"post_tag","embeddable":true,"href":"https:\/\/www.ecoutilles.be\/index.php\/wp-json\/wp\/v2\/tags?post=117"}],"curies":[{"name":"wp","href":"https:\/\/api.w.org\/{rel}","templated":true}]}}